{"id":395635,"date":"2026-04-27T09:08:12","date_gmt":"2026-04-27T09:08:12","guid":{"rendered":"https:\/\/catalunya.ipa-spain.org\/ipa-romania-ipa-fest-2026\/"},"modified":"2026-04-27T09:11:25","modified_gmt":"2026-04-27T09:11:25","slug":"ipa-romania-ipa-fest-2026","status":"publish","type":"post","link":"https:\/\/catalunya.ipa-spain.org\/ca\/ipa-romania-ipa-fest-2026\/","title":{"rendered":"IPA Romania &#8211; IPA Fest 2026"},"content":{"rendered":"<p>[et_pb_section fb_built=&#8221;1&#8243; theme_builder_area=&#8221;post_content&#8221; _builder_version=&#8221;4.27.6&#8243; _module_preset=&#8221;default&#8221;][et_pb_row _builder_version=&#8221;4.27.6&#8243; _module_preset=&#8221;default&#8221; theme_builder_area=&#8221;post_content&#8221;][et_pb_column _builder_version=&#8221;4.27.6&#8243; _module_preset=&#8221;default&#8221; type=&#8221;4_4&#8243; theme_builder_area=&#8221;post_content&#8221;][et_pb_heading title=&#8221;IPA Romania &#8211; IPA Fest 2026&#8243; _builder_version=&#8221;4.27.5&#8243; _module_preset=&#8221;default&#8221; title_font=&#8221;|||on|||||&#8221; title_text_align=&#8221;center&#8221; title_text_color=&#8221;#FFFFFF&#8221; title_line_height=&#8221;3em&#8221; background_color=&#8221;#063861&#8243; global_colors_info=&#8221;{}&#8221; global_module=&#8221;394801&#8243; theme_builder_area=&#8221;post_content&#8221;][\/et_pb_heading][\/et_pb_column][\/et_pb_row][et_pb_row _builder_version=&#8221;4.27.6&#8243; _module_preset=&#8221;default&#8221; theme_builder_area=&#8221;post_content&#8221;][et_pb_column _builder_version=&#8221;4.27.6&#8243; _module_preset=&#8221;default&#8221; type=&#8221;4_4&#8243; theme_builder_area=&#8221;post_content&#8221;][et_pb_text _builder_version=&#8221;4.27.6&#8243; _module_preset=&#8221;default&#8221; theme_builder_area=&#8221;post_content&#8221; hover_enabled=&#8221;0&#8243; sticky_enabled=&#8221;0&#8243;]<\/p>\n<p>IPA Romania ens convida a participar en la segona edici\u00f3 de IPA Fest 2026, que tindr\u00e0 lloc del 17 al 20 de setembre de 2026 en el bell Delta del Danubi, en el Green Village Resort, Sf\u00e2ntu Gheorghe, Romania.<\/p>\n<p>Els participants podran gaudir d&#8217;un programa variat que inclou activitats socials, experi\u00e8ncies culturals i oportunitats per a enfortir l&#8217;amistat internacional, en l&#8217;aut\u00e8ntic esperit de IPA.<\/p>\n<p>Per a m\u00e9s informaci\u00f3, contactar amb els organitzadors telefonant al +40 724 200 101 o escrivint a <a href=\"mailto:secretariat@iparomania.ro\" target=\"_blank\" rel=\"noopener\">secretariat@iparomania.ro<\/a>.<u><\/u><u><\/u><\/p>\n<p>Aquesta informaci\u00f3 tamb\u00e9 es troba en el nostre lloc web: <strong><a href=\"https:\/\/ipa-international.org\/events\/ipa-fest-2026-danube-delta-romania\/\">IPA Fest 2026 \u2013 Danube Delta, Romania &#8211; IPA &#8211; International Police Association<\/a><\/strong><\/p>\n<p style=\"text-align: center\"><strong><img loading=\"lazy\" decoding=\"async\" src=\"https:\/\/catalunya.ipa-spain.org\/wp-content\/uploads\/sites\/9\/2026\/04\/IPA-Fest-2026-721x1024.jpg\" width=\"721\" height=\"1024\" alt=\"\" class=\"wp-image-395628 aligncenter size-large\"><\/strong><\/p>\n<p>[\/et_pb_text][\/et_pb_column][\/et_pb_row][\/et_pb_section]<\/p>\n","protected":false},"excerpt":{"rendered":"<p>IPA Romania ens convida a participar en la segona edici\u00f3 de IPA Fest 2026, que tindr\u00e0 lloc del 17 al 20 de setembre de 2026 en el bell Delta del [&hellip;]<\/p>\n","protected":false},"author":11,"featured_media":395629,"comment_status":"open","ping_status":"closed","sticky":false,"template":"","format":"standard","meta":{"_et_pb_use_builder":"on","_et_pb_old_content":"","_et_gb_content_width":"","footnotes":""},"categories":[79,26],"tags":[],"class_list":["post-395635","post","type-post","status-publish","format-standard","has-post-thumbnail","hentry","category-ipa-internacional-ca","category-noticies"],"_links":{"self":[{"href":"https:\/\/catalunya.ipa-spain.org\/ca\/wp-json\/wp\/v2\/posts\/395635","targetHints":{"allow":["GET"]}}],"collection":[{"href":"https:\/\/catalunya.ipa-spain.org\/ca\/wp-json\/wp\/v2\/posts"}],"about":[{"href":"https:\/\/catalunya.ipa-spain.org\/ca\/wp-json\/wp\/v2\/types\/post"}],"author":[{"embeddable":true,"href":"https:\/\/catalunya.ipa-spain.org\/ca\/wp-json\/wp\/v2\/users\/11"}],"replies":[{"embeddable":true,"href":"https:\/\/catalunya.ipa-spain.org\/ca\/wp-json\/wp\/v2\/comments?post=395635"}],"version-history":[{"count":2,"href":"https:\/\/catalunya.ipa-spain.org\/ca\/wp-json\/wp\/v2\/posts\/395635\/revisions"}],"predecessor-version":[{"id":395637,"href":"https:\/\/catalunya.ipa-spain.org\/ca\/wp-json\/wp\/v2\/posts\/395635\/revisions\/395637"}],"wp:featuredmedia":[{"embeddable":true,"href":"https:\/\/catalunya.ipa-spain.org\/ca\/wp-json\/wp\/v2\/media\/395629"}],"wp:attachment":[{"href":"https:\/\/catalunya.ipa-spain.org\/ca\/wp-json\/wp\/v2\/media?parent=395635"}],"wp:term":[{"taxonomy":"category","embeddable":true,"href":"https:\/\/catalunya.ipa-spain.org\/ca\/wp-json\/wp\/v2\/categories?post=395635"},{"taxonomy":"post_tag","embeddable":true,"href":"https:\/\/catalunya.ipa-spain.org\/ca\/wp-json\/wp\/v2\/tags?post=395635"}],"curies":[{"name":"wp","href":"https:\/\/api.w.org\/{rel}","templated":true}]}}